{"id":16,"date":"2013-09-29T14:29:13","date_gmt":"2013-09-29T12:29:13","guid":{"rendered":"http:\/\/geschichte-magazin.de\/?p=5"},"modified":"2023-04-13T18:40:44","modified_gmt":"2023-04-13T16:40:44","slug":"der-untergang-der-weimarer-republik","status":"publish","type":"post","link":"https:\/\/geschichte-wissen.de\/magazin\/der-untergang-der-weimarer-republik\/","title":{"rendered":"Ausgabe: Der Untergang der Weimarer Republik"},"content":{"rendered":"\n<figure class=\"wp-block-image alignnone\"><a href=\"https:\/\/geschichte-wissen.de\/geschichtemagazin\/wp-content\/uploads\/sites\/4\/2013\/09\/Machtergreifung_Hitler.jpg\"><img loading=\"lazy\" decoding=\"async\" width=\"800\" height=\"597\" src=\"https:\/\/geschichte-wissen.de\/geschichtemagazin\/wp-content\/uploads\/sites\/4\/2013\/09\/Machtergreifung_Hitler.jpg\" alt=\"Das Bild zeigt den Fackelzug der Nationalsozialisten anl\u00e4sslich der Machtergreifung im Januar 1933\" class=\"wp-image-110\" srcset=\"https:\/\/geschichte-wissen.de\/magazin\/wp-content\/uploads\/sites\/4\/2013\/09\/Machtergreifung_Hitler.jpg 800w, https:\/\/geschichte-wissen.de\/magazin\/wp-content\/uploads\/sites\/4\/2013\/09\/Machtergreifung_Hitler-300x224.jpg 300w, https:\/\/geschichte-wissen.de\/magazin\/wp-content\/uploads\/sites\/4\/2013\/09\/Machtergreifung_Hitler-768x573.jpg 768w, https:\/\/geschichte-wissen.de\/magazin\/wp-content\/uploads\/sites\/4\/2013\/09\/Machtergreifung_Hitler-74x55.jpg 74w, https:\/\/geschichte-wissen.de\/magazin\/wp-content\/uploads\/sites\/4\/2013\/09\/Machtergreifung_Hitler-603x450.jpg 603w, https:\/\/geschichte-wissen.de\/magazin\/wp-content\/uploads\/sites\/4\/2013\/09\/Machtergreifung_Hitler-270x200.jpg 270w, https:\/\/geschichte-wissen.de\/magazin\/wp-content\/uploads\/sites\/4\/2013\/09\/Machtergreifung_Hitler-536x400.jpg 536w\" sizes=\"auto, (max-width: 800px) 100vw, 800px\" \/><\/a><\/figure>\n\n\n\n<p>Am 30. Januar 2013 j\u00e4hrte sich die Macht\u00fcbertragung an Adolf Hitler zum 80. Mal. Das Ende der Weimarer Republik und die anschlie\u00dfende NS-Diktatur bedeuteten eine folgenschwere Z\u00e4sur in der deutschen Geschichte und f\u00fchrten Deutschland in die gr\u00f6\u00dfte nationale Katastrophe seiner Geschichte. <\/p>\n\n\n\n<p>Das Beispiel des Nationalsozialismus f\u00fchrt uns eindrucksvoll vor Augen, zu welchen Gr\u00e4ueltaten Menschen f\u00e4hig sind, wenn sie ideologisch verblendet sind und jeglichen Sinn f\u00fcr Demokratie, Rechtsstaatlichkeit und Humanismus verloren haben. Aber wie konnte es dazu kommen, dass eine bestehende Demokratie, wie die Weimarer Republik, ohne Not mit scheinbar legalen Mitteln beseitigt und eine totalit\u00e4re Diktatur errichtet werden konnte?<\/p>\n\n\n\n<p>In diesem Magazin m\u00f6chten wir auf die Ursachen und Hintergr\u00fcnde eingehen und versuchen, auf diese Frage eine Antwort zu geben. Gilbert Jacoby, der die Artikel verfasst hat, hat sich ausf\u00fchrlich mit den Geschehnissen dieser Zeit besch\u00e4ftigt.<\/p>\n\n\n\n<div style=\"height:20px\" aria-hidden=\"true\" class=\"wp-block-spacer\"><\/div>\n\n\n\n<h2 class=\"wp-block-heading\">Inhaltsverzeichnis<\/h2>\n\n\n\n<ul class=\"wp-block-list\">\n<li>Die Dolchsto\u00dflegende<\/li>\n\n\n\n<li>Gr\u00fcnde f\u00fcr den Untergang der Weimarer Republik<\/li>\n\n\n\n<li>Gr\u00fcndung der NSDAP und Aufstieg Hitlers bis 1932<\/li>\n\n\n\n<li>Die Macht\u00fcbernahme am 30.01.1933<\/li>\n\n\n\n<li>Errichtung und Festigung der NS-Diktatur ab 1933<\/li>\n<\/ul>\n\n\n\n<div style=\"height:20px\" aria-hidden=\"true\" class=\"wp-block-spacer\"><\/div>\n\n\n\n<h2 class=\"wp-block-heading\">Diese Ausgabe lesen<\/h2>\n\n\n\n<div\n    class='wp-block-pdfp-pdf-poster  alignnone'\n    id='block-3'\n    data-attributes='{&quot;uniqueId&quot;:&quot;pdfp2&quot;,&quot;file&quot;:&quot;https:\\\/\\\/geschichte-wissen.de\\\/magazin\\\/wp-content\\\/uploads\\\/sites\\\/4\\\/2023\\\/04\\\/magazin-weimarer-republik_compressed.pdf&quot;,&quot;title&quot;:&quot;Weimarer Republik&quot;,&quot;height&quot;:&quot;842px&quot;,&quot;width&quot;:&quot;100%&quot;,&quot;print&quot;:true,&quot;fullscreenButton&quot;:&quot;1&quot;,&quot;fullscreenButtonText&quot;:&quot;View Fullscreen&quot;,&quot;newWindow&quot;:false,&quot;showName&quot;:false,&quot;downloadButton&quot;:false,&quot;downloadButtonText&quot;:&quot;Download File&quot;,&quot;protect&quot;:false,&quot;onlyPDF&quot;:false,&quot;defaultBrowser&quot;:false,&quot;thumbMenu&quot;:false,&quot;initialPage&quot;:0,&quot;sidebarOpen&quot;:false,&quot;lastVersion&quot;:false,&quot;hrScroll&quot;:0,&quot;alert&quot;:true,&quot;btnStyles&quot;:{&quot;background&quot;:&quot;#1e73be&quot;,&quot;color&quot;:&quot;#fff&quot;,&quot;fontSize&quot;:&quot;1rem&quot;,&quot;padding&quot;:{&quot;top&quot;:10,&quot;right&quot;:20,&quot;bottom&quot;:10,&quot;left&quot;:10}},&quot;popupOptions&quot;:{&quot;enabled&quot;:0,&quot;text&quot;:&quot;Open PDF&quot;,&quot;triggerType&quot;:&quot;button&quot;,&quot;image&quot;:&quot;&quot;,&quot;imageHeight&quot;:&quot;200px&quot;,&quot;imageWidth&quot;:&quot;300px&quot;,&quot;imagePdfIcon&quot;:true,&quot;triggerAlignment&quot;:&quot;center&quot;,&quot;btnStyle&quot;:{&quot;background&quot;:&quot;#1e73be&quot;,&quot;color&quot;:&quot;#fff&quot;,&quot;fontSize&quot;:&quot;1rem&quot;,&quot;padding&quot;:{&quot;top&quot;:10,&quot;right&quot;:20,&quot;bottom&quot;:10,&quot;left&quot;:10}}},&quot;actionsPosition&quot;:&quot;top&quot;,&quot;socialShare&quot;:{&quot;enabled&quot;:false,&quot;facebook&quot;:false,&quot;twitter&quot;:false,&quot;linkedin&quot;:false,&quot;pinterest&quot;:false,&quot;position&quot;:&quot;top&quot;},&quot;adobeEmbedder&quot;:false,&quot;align&quot;:&quot;none&quot;,&quot;alignment&quot;:&quot;left&quot;,&quot;titleFontSize&quot;:&quot;16px&quot;,&quot;isHideRightToolbar&quot;:false,&quot;additional&quot;:{&quot;ID&quot;:&quot;&quot;,&quot;Class&quot;:&quot;&quot;,&quot;CSS&quot;:&quot;&quot;},&quot;adobeOptions&quot;:{&quot;showDownloadPDF&quot;:true,&quot;showPrintPDF&quot;:true,&quot;showAnnotationTools&quot;:true,&quot;showFullScreen&quot;:false,&quot;embedMode&quot;:&quot;SIZED_CONTAINER&quot;},&quot;popupBtnStyle&quot;:{&quot;background&quot;:&quot;#2271b1&quot;,&quot;color&quot;:&quot;#fff&quot;,&quot;padding&quot;:{&quot;top&quot;:10,&quot;right&quot;:20,&quot;bottom&quot;:10,&quot;left&quot;:10}},&quot;popupBtnText&quot;:&quot;Open Document&quot;,&quot;CSS&quot;:&quot;&quot;,&quot;isPremium&quot;:false}'\n    style=\"text-align: left\">\n    \n        <iframe loading=\"lazy\" title=\"Weimarer Republik\" style=\"border:0;\" width=\"100%\" height=\"800px\" class=\"pdfp_unsupported_frame\" src=\"\/\/docs.google.com\/gview?embedded=true&#038;url=https:\/\/geschichte-wissen.de\/magazin\/wp-content\/uploads\/sites\/4\/2023\/04\/magazin-weimarer-republik_compressed.pdf\"><\/iframe>\n\n    <\/div>\n\n\n\n<div style=\"height:20px\" aria-hidden=\"true\" class=\"wp-block-spacer\"><\/div>\n","protected":false},"excerpt":{"rendered":"<p>Am 30. Januar 2013 j\u00e4hrte sich die Macht\u00fcbertragung an Adolf Hitler zum 80. Mal. Das Ende der Weimarer Republik und die anschlie\u00dfende NS-Diktatur bedeuteten eine folgenschwere Z\u00e4sur in der deutschen Geschichte und f\u00fchrten Deutschland in die gr\u00f6\u00dfte nationale Katastrophe seiner Geschichte. Das Beispiel des Nationalsozialismus f\u00fchrt uns eindrucksvoll vor Augen, zu welchen Gr\u00e4ueltaten Menschen f\u00e4hig [&hellip;]<\/p>\n","protected":false},"author":1,"featured_media":110,"comment_status":"closed","ping_status":"closed","sticky":false,"template":"","format":"standard","meta":{"_newspack_byline_active":false,"_newspack_byline":"","footnotes":""},"categories":[2],"tags":[],"class_list":["post-16","post","type-post","status-publish","format-standard","has-post-thumbnail","hentry","category-archiv"],"yoast_head":"<!-- This site is optimized with the Yoast SEO plugin v27.1.1 - https:\/\/yoast.com\/product\/yoast-seo-wordpress\/ -->\n<title>Ausgabe: Der Untergang der Weimarer Republik - Geschichte-Wissen Magazin<\/title>\n<meta name=\"description\" content=\"In dieser Ausgabe unseres kostenlosen Geschichtsmagazins widmen wir uns dem Untergang der Weimarer Republik.\" \/>\n<meta name=\"robots\" content=\"index, follow, max-snippet:-1, max-image-preview:large, max-video-preview:-1\" \/>\n<link rel=\"canonical\" href=\"https:\/\/geschichte-wissen.de\/magazin\/der-untergang-der-weimarer-republik\/\" \/>\n<meta property=\"og:locale\" content=\"de_DE\" \/>\n<meta property=\"og:type\" content=\"article\" \/>\n<meta property=\"og:title\" content=\"Ausgabe: Der Untergang der Weimarer Republik - Geschichte-Wissen Magazin\" \/>\n<meta property=\"og:description\" content=\"In dieser Ausgabe unseres kostenlosen Geschichtsmagazins widmen wir uns dem Untergang der Weimarer Republik.\" \/>\n<meta property=\"og:url\" content=\"https:\/\/geschichte-wissen.de\/magazin\/der-untergang-der-weimarer-republik\/\" \/>\n<meta property=\"og:site_name\" content=\"Geschichte-Wissen Magazin\" \/>\n<meta property=\"article:publisher\" content=\"https:\/\/facebook.com\/geschichtewissen\" \/>\n<meta property=\"article:published_time\" content=\"2013-09-29T12:29:13+00:00\" \/>\n<meta property=\"article:modified_time\" content=\"2023-04-13T16:40:44+00:00\" \/>\n<meta property=\"og:image\" content=\"https:\/\/geschichte-wissen.de\/magazin\/wp-content\/uploads\/sites\/4\/2013\/09\/Machtergreifung_Hitler.jpg\" \/>\n\t<meta property=\"og:image:width\" content=\"800\" \/>\n\t<meta property=\"og:image:height\" content=\"597\" \/>\n\t<meta property=\"og:image:type\" content=\"image\/jpeg\" \/>\n<meta name=\"author\" content=\"Redaktion\" \/>\n<meta name=\"twitter:card\" content=\"summary_large_image\" \/>\n<meta name=\"twitter:creator\" content=\"@geschichte_info\" \/>\n<meta name=\"twitter:site\" content=\"@geschichte_info\" \/>\n<meta name=\"twitter:label1\" content=\"Verfasst von\" \/>\n\t<meta name=\"twitter:data1\" content=\"Redaktion\" \/>\n\t<meta name=\"twitter:label2\" content=\"Gesch\u00e4tzte Lesezeit\" \/>\n\t<meta name=\"twitter:data2\" content=\"2\u00a0Minuten\" \/>\n<script type=\"application\/ld+json\" class=\"yoast-schema-graph\">{\"@context\":\"https:\/\/schema.org\",\"@graph\":[{\"@type\":\"Article\",\"@id\":\"https:\/\/geschichte-wissen.de\/magazin\/der-untergang-der-weimarer-republik\/#article\",\"isPartOf\":{\"@id\":\"https:\/\/geschichte-wissen.de\/magazin\/der-untergang-der-weimarer-republik\/\"},\"author\":{\"name\":\"Redaktion\",\"@id\":\"https:\/\/geschichte-wissen.de\/magazin\/#\/schema\/person\/e0070cd3cdff8e1011a724117c0da625\"},\"headline\":\"Ausgabe: Der Untergang der Weimarer Republik\",\"datePublished\":\"2013-09-29T12:29:13+00:00\",\"dateModified\":\"2023-04-13T16:40:44+00:00\",\"mainEntityOfPage\":{\"@id\":\"https:\/\/geschichte-wissen.de\/magazin\/der-untergang-der-weimarer-republik\/\"},\"wordCount\":187,\"publisher\":{\"@id\":\"https:\/\/geschichte-wissen.de\/magazin\/#organization\"},\"image\":{\"@id\":\"https:\/\/geschichte-wissen.de\/magazin\/der-untergang-der-weimarer-republik\/#primaryimage\"},\"thumbnailUrl\":\"https:\/\/geschichte-wissen.de\/magazin\/wp-content\/uploads\/sites\/4\/2013\/09\/Machtergreifung_Hitler.jpg\",\"articleSection\":[\"Archiv\"],\"inLanguage\":\"de\"},{\"@type\":\"WebPage\",\"@id\":\"https:\/\/geschichte-wissen.de\/magazin\/der-untergang-der-weimarer-republik\/\",\"url\":\"https:\/\/geschichte-wissen.de\/magazin\/der-untergang-der-weimarer-republik\/\",\"name\":\"Ausgabe: Der Untergang der Weimarer Republik - Geschichte-Wissen Magazin\",\"isPartOf\":{\"@id\":\"https:\/\/geschichte-wissen.de\/magazin\/#website\"},\"primaryImageOfPage\":{\"@id\":\"https:\/\/geschichte-wissen.de\/magazin\/der-untergang-der-weimarer-republik\/#primaryimage\"},\"image\":{\"@id\":\"https:\/\/geschichte-wissen.de\/magazin\/der-untergang-der-weimarer-republik\/#primaryimage\"},\"thumbnailUrl\":\"https:\/\/geschichte-wissen.de\/magazin\/wp-content\/uploads\/sites\/4\/2013\/09\/Machtergreifung_Hitler.jpg\",\"datePublished\":\"2013-09-29T12:29:13+00:00\",\"dateModified\":\"2023-04-13T16:40:44+00:00\",\"description\":\"In dieser Ausgabe unseres kostenlosen Geschichtsmagazins widmen wir uns dem Untergang der Weimarer Republik.\",\"breadcrumb\":{\"@id\":\"https:\/\/geschichte-wissen.de\/magazin\/der-untergang-der-weimarer-republik\/#breadcrumb\"},\"inLanguage\":\"de\",\"potentialAction\":[{\"@type\":\"ReadAction\",\"target\":[\"https:\/\/geschichte-wissen.de\/magazin\/der-untergang-der-weimarer-republik\/\"]}]},{\"@type\":\"ImageObject\",\"inLanguage\":\"de\",\"@id\":\"https:\/\/geschichte-wissen.de\/magazin\/der-untergang-der-weimarer-republik\/#primaryimage\",\"url\":\"https:\/\/geschichte-wissen.de\/magazin\/wp-content\/uploads\/sites\/4\/2013\/09\/Machtergreifung_Hitler.jpg\",\"contentUrl\":\"https:\/\/geschichte-wissen.de\/magazin\/wp-content\/uploads\/sites\/4\/2013\/09\/Machtergreifung_Hitler.jpg\",\"width\":800,\"height\":597,\"caption\":\"Der Fackelzug zu Ehren des neuen Reichskanzlers Adolf Hitler bewegt sich durch die Wilhelmstra\u00dfe in Berlin am Abend des 30. Januar 1933.\"},{\"@type\":\"BreadcrumbList\",\"@id\":\"https:\/\/geschichte-wissen.de\/magazin\/der-untergang-der-weimarer-republik\/#breadcrumb\",\"itemListElement\":[{\"@type\":\"ListItem\",\"position\":1,\"name\":\"Startseite\",\"item\":\"https:\/\/geschichte-wissen.de\/magazin\/\"},{\"@type\":\"ListItem\",\"position\":2,\"name\":\"Ausgabe: Der Untergang der Weimarer Republik\"}]},{\"@type\":\"WebSite\",\"@id\":\"https:\/\/geschichte-wissen.de\/magazin\/#website\",\"url\":\"https:\/\/geschichte-wissen.de\/magazin\/\",\"name\":\"Geschichte-Wissen Magazin\",\"description\":\"Kostenloses Geschichte-Magazin\",\"publisher\":{\"@id\":\"https:\/\/geschichte-wissen.de\/magazin\/#organization\"},\"potentialAction\":[{\"@type\":\"SearchAction\",\"target\":{\"@type\":\"EntryPoint\",\"urlTemplate\":\"https:\/\/geschichte-wissen.de\/magazin\/?s={search_term_string}\"},\"query-input\":{\"@type\":\"PropertyValueSpecification\",\"valueRequired\":true,\"valueName\":\"search_term_string\"}}],\"inLanguage\":\"de\"},{\"@type\":\"Organization\",\"@id\":\"https:\/\/geschichte-wissen.de\/magazin\/#organization\",\"name\":\"Geschichte-Wissen\",\"url\":\"https:\/\/geschichte-wissen.de\/magazin\/\",\"logo\":{\"@type\":\"ImageObject\",\"inLanguage\":\"de\",\"@id\":\"https:\/\/geschichte-wissen.de\/magazin\/#\/schema\/logo\/image\/\",\"url\":\"https:\/\/geschichte-wissen.de\/magazin\/wp-content\/uploads\/sites\/4\/2023\/04\/12003903_1014037591949890_1730217062277779097_n.png\",\"contentUrl\":\"https:\/\/geschichte-wissen.de\/magazin\/wp-content\/uploads\/sites\/4\/2023\/04\/12003903_1014037591949890_1730217062277779097_n.png\",\"width\":300,\"height\":300,\"caption\":\"Geschichte-Wissen\"},\"image\":{\"@id\":\"https:\/\/geschichte-wissen.de\/magazin\/#\/schema\/logo\/image\/\"},\"sameAs\":[\"https:\/\/facebook.com\/geschichtewissen\",\"https:\/\/x.com\/geschichte_info\",\"https:\/\/instagram.com\/geschichtewissen\"]},{\"@type\":\"Person\",\"@id\":\"https:\/\/geschichte-wissen.de\/magazin\/#\/schema\/person\/e0070cd3cdff8e1011a724117c0da625\",\"name\":\"Redaktion\",\"image\":{\"@type\":\"ImageObject\",\"inLanguage\":\"de\",\"@id\":\"https:\/\/geschichte-wissen.de\/magazin\/#\/schema\/person\/image\/\",\"url\":\"https:\/\/secure.gravatar.com\/avatar\/45c5a53dda0c8112ea5062dd9ecf970341af6180b7ce4b61449088ed58419a71?s=96&d=mm&r=g\",\"contentUrl\":\"https:\/\/secure.gravatar.com\/avatar\/45c5a53dda0c8112ea5062dd9ecf970341af6180b7ce4b61449088ed58419a71?s=96&d=mm&r=g\",\"caption\":\"Redaktion\"},\"url\":\"https:\/\/geschichte-wissen.de\/magazin\/author\/redaktion\/\"}]}<\/script>\n<!-- \/ Yoast SEO plugin. -->","yoast_head_json":{"title":"Ausgabe: Der Untergang der Weimarer Republik - Geschichte-Wissen Magazin","description":"In dieser Ausgabe unseres kostenlosen Geschichtsmagazins widmen wir uns dem Untergang der Weimarer Republik.","robots":{"index":"index","follow":"follow","max-snippet":"max-snippet:-1","max-image-preview":"max-image-preview:large","max-video-preview":"max-video-preview:-1"},"canonical":"https:\/\/geschichte-wissen.de\/magazin\/der-untergang-der-weimarer-republik\/","og_locale":"de_DE","og_type":"article","og_title":"Ausgabe: Der Untergang der Weimarer Republik - Geschichte-Wissen Magazin","og_description":"In dieser Ausgabe unseres kostenlosen Geschichtsmagazins widmen wir uns dem Untergang der Weimarer Republik.","og_url":"https:\/\/geschichte-wissen.de\/magazin\/der-untergang-der-weimarer-republik\/","og_site_name":"Geschichte-Wissen Magazin","article_publisher":"https:\/\/facebook.com\/geschichtewissen","article_published_time":"2013-09-29T12:29:13+00:00","article_modified_time":"2023-04-13T16:40:44+00:00","og_image":[{"width":800,"height":597,"url":"https:\/\/geschichte-wissen.de\/magazin\/wp-content\/uploads\/sites\/4\/2013\/09\/Machtergreifung_Hitler.jpg","type":"image\/jpeg"}],"author":"Redaktion","twitter_card":"summary_large_image","twitter_creator":"@geschichte_info","twitter_site":"@geschichte_info","twitter_misc":{"Verfasst von":"Redaktion","Gesch\u00e4tzte Lesezeit":"2\u00a0Minuten"},"schema":{"@context":"https:\/\/schema.org","@graph":[{"@type":"Article","@id":"https:\/\/geschichte-wissen.de\/magazin\/der-untergang-der-weimarer-republik\/#article","isPartOf":{"@id":"https:\/\/geschichte-wissen.de\/magazin\/der-untergang-der-weimarer-republik\/"},"author":{"name":"Redaktion","@id":"https:\/\/geschichte-wissen.de\/magazin\/#\/schema\/person\/e0070cd3cdff8e1011a724117c0da625"},"headline":"Ausgabe: Der Untergang der Weimarer Republik","datePublished":"2013-09-29T12:29:13+00:00","dateModified":"2023-04-13T16:40:44+00:00","mainEntityOfPage":{"@id":"https:\/\/geschichte-wissen.de\/magazin\/der-untergang-der-weimarer-republik\/"},"wordCount":187,"publisher":{"@id":"https:\/\/geschichte-wissen.de\/magazin\/#organization"},"image":{"@id":"https:\/\/geschichte-wissen.de\/magazin\/der-untergang-der-weimarer-republik\/#primaryimage"},"thumbnailUrl":"https:\/\/geschichte-wissen.de\/magazin\/wp-content\/uploads\/sites\/4\/2013\/09\/Machtergreifung_Hitler.jpg","articleSection":["Archiv"],"inLanguage":"de"},{"@type":"WebPage","@id":"https:\/\/geschichte-wissen.de\/magazin\/der-untergang-der-weimarer-republik\/","url":"https:\/\/geschichte-wissen.de\/magazin\/der-untergang-der-weimarer-republik\/","name":"Ausgabe: Der Untergang der Weimarer Republik - Geschichte-Wissen Magazin","isPartOf":{"@id":"https:\/\/geschichte-wissen.de\/magazin\/#website"},"primaryImageOfPage":{"@id":"https:\/\/geschichte-wissen.de\/magazin\/der-untergang-der-weimarer-republik\/#primaryimage"},"image":{"@id":"https:\/\/geschichte-wissen.de\/magazin\/der-untergang-der-weimarer-republik\/#primaryimage"},"thumbnailUrl":"https:\/\/geschichte-wissen.de\/magazin\/wp-content\/uploads\/sites\/4\/2013\/09\/Machtergreifung_Hitler.jpg","datePublished":"2013-09-29T12:29:13+00:00","dateModified":"2023-04-13T16:40:44+00:00","description":"In dieser Ausgabe unseres kostenlosen Geschichtsmagazins widmen wir uns dem Untergang der Weimarer Republik.","breadcrumb":{"@id":"https:\/\/geschichte-wissen.de\/magazin\/der-untergang-der-weimarer-republik\/#breadcrumb"},"inLanguage":"de","potentialAction":[{"@type":"ReadAction","target":["https:\/\/geschichte-wissen.de\/magazin\/der-untergang-der-weimarer-republik\/"]}]},{"@type":"ImageObject","inLanguage":"de","@id":"https:\/\/geschichte-wissen.de\/magazin\/der-untergang-der-weimarer-republik\/#primaryimage","url":"https:\/\/geschichte-wissen.de\/magazin\/wp-content\/uploads\/sites\/4\/2013\/09\/Machtergreifung_Hitler.jpg","contentUrl":"https:\/\/geschichte-wissen.de\/magazin\/wp-content\/uploads\/sites\/4\/2013\/09\/Machtergreifung_Hitler.jpg","width":800,"height":597,"caption":"Der Fackelzug zu Ehren des neuen Reichskanzlers Adolf Hitler bewegt sich durch die Wilhelmstra\u00dfe in Berlin am Abend des 30. Januar 1933."},{"@type":"BreadcrumbList","@id":"https:\/\/geschichte-wissen.de\/magazin\/der-untergang-der-weimarer-republik\/#breadcrumb","itemListElement":[{"@type":"ListItem","position":1,"name":"Startseite","item":"https:\/\/geschichte-wissen.de\/magazin\/"},{"@type":"ListItem","position":2,"name":"Ausgabe: Der Untergang der Weimarer Republik"}]},{"@type":"WebSite","@id":"https:\/\/geschichte-wissen.de\/magazin\/#website","url":"https:\/\/geschichte-wissen.de\/magazin\/","name":"Geschichte-Wissen Magazin","description":"Kostenloses Geschichte-Magazin","publisher":{"@id":"https:\/\/geschichte-wissen.de\/magazin\/#organization"},"potentialAction":[{"@type":"SearchAction","target":{"@type":"EntryPoint","urlTemplate":"https:\/\/geschichte-wissen.de\/magazin\/?s={search_term_string}"},"query-input":{"@type":"PropertyValueSpecification","valueRequired":true,"valueName":"search_term_string"}}],"inLanguage":"de"},{"@type":"Organization","@id":"https:\/\/geschichte-wissen.de\/magazin\/#organization","name":"Geschichte-Wissen","url":"https:\/\/geschichte-wissen.de\/magazin\/","logo":{"@type":"ImageObject","inLanguage":"de","@id":"https:\/\/geschichte-wissen.de\/magazin\/#\/schema\/logo\/image\/","url":"https:\/\/geschichte-wissen.de\/magazin\/wp-content\/uploads\/sites\/4\/2023\/04\/12003903_1014037591949890_1730217062277779097_n.png","contentUrl":"https:\/\/geschichte-wissen.de\/magazin\/wp-content\/uploads\/sites\/4\/2023\/04\/12003903_1014037591949890_1730217062277779097_n.png","width":300,"height":300,"caption":"Geschichte-Wissen"},"image":{"@id":"https:\/\/geschichte-wissen.de\/magazin\/#\/schema\/logo\/image\/"},"sameAs":["https:\/\/facebook.com\/geschichtewissen","https:\/\/x.com\/geschichte_info","https:\/\/instagram.com\/geschichtewissen"]},{"@type":"Person","@id":"https:\/\/geschichte-wissen.de\/magazin\/#\/schema\/person\/e0070cd3cdff8e1011a724117c0da625","name":"Redaktion","image":{"@type":"ImageObject","inLanguage":"de","@id":"https:\/\/geschichte-wissen.de\/magazin\/#\/schema\/person\/image\/","url":"https:\/\/secure.gravatar.com\/avatar\/45c5a53dda0c8112ea5062dd9ecf970341af6180b7ce4b61449088ed58419a71?s=96&d=mm&r=g","contentUrl":"https:\/\/secure.gravatar.com\/avatar\/45c5a53dda0c8112ea5062dd9ecf970341af6180b7ce4b61449088ed58419a71?s=96&d=mm&r=g","caption":"Redaktion"},"url":"https:\/\/geschichte-wissen.de\/magazin\/author\/redaktion\/"}]}},"_links":{"self":[{"href":"https:\/\/geschichte-wissen.de\/magazin\/wp-json\/wp\/v2\/posts\/16","targetHints":{"allow":["GET"]}}],"collection":[{"href":"https:\/\/geschichte-wissen.de\/magazin\/wp-json\/wp\/v2\/posts"}],"about":[{"href":"https:\/\/geschichte-wissen.de\/magazin\/wp-json\/wp\/v2\/types\/post"}],"author":[{"embeddable":true,"href":"https:\/\/geschichte-wissen.de\/magazin\/wp-json\/wp\/v2\/users\/1"}],"replies":[{"embeddable":true,"href":"https:\/\/geschichte-wissen.de\/magazin\/wp-json\/wp\/v2\/comments?post=16"}],"version-history":[{"count":9,"href":"https:\/\/geschichte-wissen.de\/magazin\/wp-json\/wp\/v2\/posts\/16\/revisions"}],"predecessor-version":[{"id":417,"href":"https:\/\/geschichte-wissen.de\/magazin\/wp-json\/wp\/v2\/posts\/16\/revisions\/417"}],"wp:featuredmedia":[{"embeddable":true,"href":"https:\/\/geschichte-wissen.de\/magazin\/wp-json\/wp\/v2\/media\/110"}],"wp:attachment":[{"href":"https:\/\/geschichte-wissen.de\/magazin\/wp-json\/wp\/v2\/media?parent=16"}],"wp:term":[{"taxonomy":"category","embeddable":true,"href":"https:\/\/geschichte-wissen.de\/magazin\/wp-json\/wp\/v2\/categories?post=16"},{"taxonomy":"post_tag","embeddable":true,"href":"https:\/\/geschichte-wissen.de\/magazin\/wp-json\/wp\/v2\/tags?post=16"}],"curies":[{"name":"wp","href":"https:\/\/api.w.org\/{rel}","templated":true}]}}